[{"@context":"https:\/\/schema.org\/","@type":"Article","@id":"https:\/\/www.remoex.cz\/budte-trendy\/#Article","mainEntityOfPage":"https:\/\/www.remoex.cz\/budte-trendy\/","headline":"Bu\u010fte trendy!","name":"Bu\u010fte trendy!","description":"Vlasy jsou korunou kr\u00e1sy ka\u017ed\u00e9 \u017eeny. My v\u0161echny proto chceme, aby skv\u011ble vypadaly. Proto o n\u011b pe\u010dujeme, regenerujeme je a pravideln\u011b st\u0159\u00edh\u00e1me. Svoje vlasy sv\u011b\u0159ujeme&hellip;","datePublished":"2023-05-24","dateModified":"2023-05-24","author":{"@type":"Person","@id":"https:\/\/www.remoex.cz\/author\/#Person","name":"","url":"https:\/\/www.remoex.cz\/author\/","identifier":1,"image":{"@type":"ImageObject","@id":"https:\/\/secure.gravatar.com\/avatar\/2dfb47fe8ef5e1795dc8fdf9fc01f7f6e0de0c5b588d6a35abd2f00b6a65d2be?s=96&d=mm&r=g","url":"https:\/\/secure.gravatar.com\/avatar\/2dfb47fe8ef5e1795dc8fdf9fc01f7f6e0de0c5b588d6a35abd2f00b6a65d2be?s=96&d=mm&r=g","height":96,"width":96}},"publisher":{"@type":"Organization","name":"remoex.cz","logo":{"@type":"ImageObject","@id":"\/logo.png","url":"\/logo.png","width":600,"height":60}},"image":{"@type":"ImageObject","@id":"https:\/\/www.remoex.cz\/wp-content\/uploads\/img_a290681_w2188_t1503348338.jpg","url":"https:\/\/www.remoex.cz\/wp-content\/uploads\/img_a290681_w2188_t1503348338.jpg","height":0,"width":0},"url":"https:\/\/www.remoex.cz\/budte-trendy\/","wordCount":421,"articleBody":"Vlasy jsou korunou kr\u00e1sy ka\u017ed\u00e9 \u017eeny. My v\u0161echny proto chceme, aby skv\u011ble vypadaly. Proto o n\u011b pe\u010dujeme, regenerujeme je a pravideln\u011b st\u0159\u00edh\u00e1me. Svoje vlasy sv\u011b\u0159ujeme i do rukou odborn\u00edk\u016f, od kter\u00fdch o\u010dek\u00e1v\u00e1me profesion\u00e1ln\u00ed p\u00e9\u010di. Abyste v\u011bd\u011bli, o co si p\u0159\u00ed\u0161t\u011b v\u00a0kade\u0159nictv\u00ed \u0159\u00edct, pod\u00edvejte se na sou\u010dasn\u00e9 kade\u0159nick\u00e9 trendy a dop\u0159ejte si p\u00e9\u010di, kterou si zaslou\u017e\u00edte. V\u017edy je toti\u017e ten spr\u00e1vn\u00fd \u010das na to, ud\u011blat si radost.OlaplexOlaplex obsahuje speci\u00e1ln\u00ed sm\u011bs l\u00e1tek, kter\u00e1 dok\u00e1\u017ee obnovovat a posilovat vlasov\u00e1 vl\u00e1kna. Olaplexovou k\u016fru je mo\u017en\u00e9 absolvovat bu\u010f v\u00a0salonech, kter\u00e9 tento p\u0159\u00edpravek nab\u00edz\u00ed, nebo si jej po\u0159\u00eddit dom\u016f. K\u016fru je vhodn\u00e9 n\u011bkolikr\u00e1t zopakovat, z\u00e1le\u017e\u00ed, jak moc naru\u0161en\u00e9 Va\u0161e vlasy jsou. Skv\u011bl\u00e9 je, \u017ee Olaplex je mo\u017en\u00e9 p\u0159idat ji\u017e do barv\u00edc\u00ed sm\u011bsi, \u010d\u00edm\u017e p\u0159edejdete po\u0161kozen\u00ed struktury vlas\u016f. Ide\u00e1ln\u00ed je ho p\u0159idat p\u0159i ka\u017ed\u00e9m odbarvov\u00e1n\u00ed.BalayageMel\u00edry a ombr\u00e9 vyst\u0159\u00eddal v\u00a0posledn\u00ed dob\u011b nov\u00fd styl barven\u00ed, kter\u00fdm je balayage. Na rozd\u00edl od p\u0159ede\u0161l\u00fdch trend\u016f vypad\u00e1 daleko p\u0159irozen\u011bji, ide\u00e1ln\u011b jako zesv\u011btlen\u00ed p\u0159\u00edmo od slun\u00ed\u010dka. Za\u010d\u00edn\u00e1 se p\u00e1r zesv\u011btlen\u00fdmi pram\u00ednky u ko\u0159\u00ednk\u016f, kter\u00e9 houstnou sm\u011brem ke kone\u010dk\u016fm.BabylightsJde o techniku mel\u00edrov\u00e1n\u00ed, kter\u00e1 si zakl\u00e1d\u00e1 na co nejmen\u0161\u00edch pram\u00ednc\u00edch, je tedy pom\u011brn\u011b pracn\u00e1, ale o to efektivn\u011bj\u0161\u00ed. Odbarven\u00edm p\u00e1r pram\u00ednk\u016f do sv\u011btlej\u0161\u00edho odst\u00ednu dos\u00e1hneme opticky objemn\u011bj\u0161\u00edho a zaj\u00edmav\u011bj\u0161\u00edho \u00fa\u010desu.\u0160edinyPokud m\u00e1te \u0161ediny, m\u016f\u017eete se radovat a p\u0159estat se tr\u00e1pit barven\u00edm, st\u0159\u00edb\u0159it\u00e9 a b\u00edl\u00e9 odst\u00edny jsou toti\u017e v\u00a0kurzu. Pokud je\u0161t\u011b svoje \u0161ediny nem\u00e1te, nemus\u00edte se vysn\u011bn\u00fdch \u0161ed\u00fdch vlas\u016f vzd\u00e1vat, budete pot\u0159ebovat jen \u0161ikovn\u00e9ho kade\u0159n\u00edka a vhodnou vlasovou p\u00e9\u010di.Crazy barvyI kdy\u017e je tuto sezonu trendy sp\u00ed\u0161e p\u0159irozen\u011bj\u0161\u00ed barven\u00ed a t\u00f3nov\u00e1n\u00ed, stranou nez\u016fst\u00e1vaj\u00ed ani z\u00e1\u0159iv\u011bj\u0161\u00ed variace. Vyzkou\u0161ejte t\u0159eba odst\u00edny baby pink, z\u00e1\u0159ivou modrou, zelenou a fialovou. M\u016f\u017eete zvolit obarven\u00ed p\u00e1r pram\u00ednk\u016f, barevn\u00e9 ombr\u00e9 nebo rovnou celou hlavu.                                                                                                                                                                                                                                                                                                                                                                                        3.8\/5 - (12 votes)        "},{"@context":"https:\/\/schema.org\/","@type":"BreadcrumbList","itemListElement":[{"@type":"ListItem","position":1,"name":"Bu\u010fte trendy!","item":"https:\/\/www.remoex.cz\/budte-trendy\/#breadcrumbitem"}]}]