[{"@context":"https:\/\/schema.org\/","@type":"Article","@id":"https:\/\/www.remoex.cz\/duchodova-kalkulacka\/#Article","mainEntityOfPage":"https:\/\/www.remoex.cz\/duchodova-kalkulacka\/","headline":"D\u016fchodov\u00e1 kalkula\u010dka","name":"D\u016fchodov\u00e1 kalkula\u010dka","description":"Tak\u00e9 p\u0159em\u00fd\u0161l\u00edte nad t\u00edm, jak vysok\u00fd bude V\u00e1\u0161 starobn\u00ed d\u016fchod? Nen\u00ed pot\u0159eba p\u0159\u00edli\u0161 po\u010d\u00edtat. Pokud si najdete d\u016fchodovou kalkula\u010dku, ud\u011bl\u00e1 tuto nep\u0159\u00edjemnou pr\u00e1ci za V\u00e1s.&hellip;","datePublished":"2017-02-21","dateModified":"2023-05-24","author":{"@type":"Person","@id":"https:\/\/www.remoex.cz\/author\/#Person","name":"","url":"https:\/\/www.remoex.cz\/author\/","identifier":1,"image":{"@type":"ImageObject","@id":"https:\/\/secure.gravatar.com\/avatar\/2dfb47fe8ef5e1795dc8fdf9fc01f7f6e0de0c5b588d6a35abd2f00b6a65d2be?s=96&d=mm&r=g","url":"https:\/\/secure.gravatar.com\/avatar\/2dfb47fe8ef5e1795dc8fdf9fc01f7f6e0de0c5b588d6a35abd2f00b6a65d2be?s=96&d=mm&r=g","height":96,"width":96}},"publisher":{"@type":"Organization","name":"remoex.cz","logo":{"@type":"ImageObject","@id":"\/logo.png","url":"\/logo.png","width":600,"height":60}},"url":"https:\/\/www.remoex.cz\/duchodova-kalkulacka\/","wordCount":400,"articleBody":"Tak\u00e9 p\u0159em\u00fd\u0161l\u00edte nad t\u00edm, jak vysok\u00fd bude V\u00e1\u0161 starobn\u00ed d\u016fchod? Nen\u00ed pot\u0159eba p\u0159\u00edli\u0161 po\u010d\u00edtat. Pokud si najdete d\u016fchodovou kalkula\u010dku, ud\u011bl\u00e1 tuto nep\u0159\u00edjemnou pr\u00e1ci za V\u00e1s. Sta\u010d\u00ed jen vyplnit nezbytn\u00e9 \u00fadaje a pak u\u017e se jen pod\u00edvat, jak V\u00e1m to vych\u00e1z\u00ed.Do formul\u00e1\u0159e pro v\u00fdpo\u010det zad\u00e1te a)\u00a0\u00a0\u00a0\u00a0 dobu, po kterou se platilo d\u016fchodov\u00e9 poji\u0161t\u011bn\u00edb)\u00a0\u00a0\u00a0 vym\u011b\u0159ovac\u00ed z\u00e1kladyc)\u00a0\u00a0\u00a0\u00a0 vylou\u010den\u00ed doby od roku 1986.Vylou\u010den\u00e1 doba je zaj\u00edmav\u00fd term\u00edn,ale jeho vysv\u011btlen\u00ed je velice jednoduch\u00e9. Je to doba, po kterou jste se zab\u00fdvali denn\u00edm studiem, pob\u00edrali nemocensk\u00e9 d\u00e1vky, pob\u00edrali pln\u00fd invalidn\u00ed d\u016fchod, slou\u017eili vlasti jako voj\u00e1ci z\u00e1kladn\u00ed vojensk\u00e9 slu\u017eby, pe\u010dovali o d\u00edt\u011b do \u010dty\u0159 let v\u011bku, pe\u010dovali o osobu z\u00e1vislou na p\u00e9\u010di jin\u00e9 fyzick\u00e9 osoby a dal\u0161\u00ed p\u0159ek\u00e1\u017eky, kter\u00e9 V\u00e1m nedovolovaly b\u00fdt zam\u011bstn\u00e1n.\tOni V\u00e1m to spo\u010d\u00edtaj\u00edZd\u00e1 se V\u00e1m vypo\u010d\u00edt\u00e1n\u00ed starobn\u00edho d\u016fchodu p\u0159\u00edli\u0161 slo\u017eit\u00e9? Mn\u011b tak\u00e9. Jak si m\u016f\u017ee \u010dlov\u011bk vzpomenout na to, kdy byl pr\u00e1v\u011b nemocen. Ale i na to \u00fa\u0159ad soci\u00e1ln\u00edho zabezpe\u010den\u00ed pamatuje. Pokud m\u00e1te z\u00e1jem, vypo\u010d\u00edt\u00e1 v\u0161e za V\u00e1s.&#8211;\u00a0\u00a0\u00a0\u00a0\u00a0\u00a0\u00a0\u00a0 Sta\u010d\u00ed po\u017e\u00e1dat o vyhotoven\u00ed informativn\u00edho osobn\u00edho listu d\u016fchodov\u00e9ho poji\u0161t\u011bn\u00ed.&#8211;\u00a0\u00a0\u00a0\u00a0\u00a0\u00a0\u00a0\u00a0 P\u0159ipojit rodn\u00e9 \u010d\u00edslo, jm\u00e9no a p\u0159\u00edjmen\u00ed, nezapomenout na rodn\u00e9 p\u0159\u00edjmen\u00ed a adresu.&#8211;\u00a0\u00a0\u00a0\u00a0\u00a0\u00a0\u00a0\u00a0 A pak \u017e\u00e1dost odeslat do Prahy na \u010ceskou spr\u00e1vu soci\u00e1ln\u00edho zabezpe\u010den\u00ed \u2013 Odbor spr\u00e1vy \u00fadajov\u00e9 z\u00e1kladny.V\u00edte, kdo jako prvn\u00ed rozhodl o tom, \u017ee se st\u00e1t postar\u00e1 o svoje seniory?Byl to Otto von Bismarck, zvan\u00fd \u017delezn\u00fd kancl\u00e9\u0159. Mu\u017e, kter\u00fd byl kancl\u00e9\u0159em N\u011bmecka, rozhodl rok p\u0159ed svou rezignac\u00ed o d\u016fchodov\u00e9m poji\u0161t\u011bn\u00ed. Bylo mu sedmdes\u00e1t \u010dty\u0159i, kdy\u017e tento n\u00e1pad prosadil. Do ostatn\u00edch zem\u00ed se vypl\u00e1cen\u00ed starobn\u00edho d\u016fchodu dost\u00e1valo mnohem pomaleji. Do \u010ceskoslovenska dorazilo a\u017e v roce 1924. Odej\u00edt na zaslou\u017een\u00fd odpo\u010dinek mohl \u010dlov\u011bk, kter\u00e9mu bylo \u0161edes\u00e1t p\u011bt let. Vzhledem k tomu, \u017ee se tehdy lid\u00e9 do\u017e\u00edvali krat\u0161\u00edho v\u011bku, to nebyla \u017e\u00e1dn\u00e1 sl\u00e1va.                                                                                                                                                                                                                                                                                                                                                                                        4.3\/5 - (11 votes)        "},{"@context":"https:\/\/schema.org\/","@type":"BreadcrumbList","itemListElement":[{"@type":"ListItem","position":1,"name":"D\u016fchodov\u00e1 kalkula\u010dka","item":"https:\/\/www.remoex.cz\/duchodova-kalkulacka\/#breadcrumbitem"}]}]