[{"@context":"https:\/\/schema.org\/","@type":"Article","@id":"https:\/\/www.remoex.cz\/o-krasu-dbam\/#Article","mainEntityOfPage":"https:\/\/www.remoex.cz\/o-krasu-dbam\/","headline":"O kr\u00e1su db\u00e1m","name":"O kr\u00e1su db\u00e1m","description":"Je pro v\u00e1s kr\u00e1sa d\u016fle\u017eit\u00e1? To, proto\u017ee pro mnoho lid\u00ed ano. A to hlavn\u011b pro \u017eeny. J\u00e1 sama jsem \u017eena, je mi u\u017e t\u0159icet dva&hellip;","datePublished":"2022-10-31","dateModified":"2023-05-24","author":{"@type":"Person","@id":"https:\/\/www.remoex.cz\/author\/#Person","name":"","url":"https:\/\/www.remoex.cz\/author\/","identifier":1,"image":{"@type":"ImageObject","@id":"https:\/\/secure.gravatar.com\/avatar\/2dfb47fe8ef5e1795dc8fdf9fc01f7f6e0de0c5b588d6a35abd2f00b6a65d2be?s=96&d=mm&r=g","url":"https:\/\/secure.gravatar.com\/avatar\/2dfb47fe8ef5e1795dc8fdf9fc01f7f6e0de0c5b588d6a35abd2f00b6a65d2be?s=96&d=mm&r=g","height":96,"width":96}},"publisher":{"@type":"Organization","name":"remoex.cz","logo":{"@type":"ImageObject","@id":"\/logo.png","url":"\/logo.png","width":600,"height":60}},"image":{"@type":"ImageObject","@id":"https:\/\/www.remoex.cz\/wp-content\/uploads\/portrait-3204843_960_720.jpg","url":"https:\/\/www.remoex.cz\/wp-content\/uploads\/portrait-3204843_960_720.jpg","height":0,"width":0},"url":"https:\/\/www.remoex.cz\/o-krasu-dbam\/","about":["Kr\u00e1sa"],"wordCount":441,"articleBody":"Je pro v\u00e1s kr\u00e1sa d\u016fle\u017eit\u00e1? To, proto\u017ee pro mnoho lid\u00ed ano. A to hlavn\u011b pro \u017eeny. J\u00e1 sama jsem \u017eena, je mi u\u017e t\u0159icet dva let, tak\u017ee taky o\u010dek\u00e1v\u00e1m to, \u017ee budu o sebe v\u00edce db\u00e1t. A jak jsem \u0159ekla, tak jsem taky ud\u011blala. Pro m\u011b je kr\u00e1sa opravdu hodn\u011b d\u016fle\u017eit\u00e1, ale taky samoz\u0159ejm\u011b ta vnit\u0159n\u00ed, ne jenom ta vn\u011bj\u0161\u00ed kr\u00e1sa. A zn\u00e1m toti\u017e opravdu mnoho \u017een, ale taky m\u016f\u017eu, kte\u0159\u00ed dbaj\u00ed pouze o to vn\u011bj\u0161\u00ed kr\u00e1su, ale jenom\u017ee to je \u0161patn\u011b, proto\u017ee kr\u00e1sa vych\u00e1z\u00ed taky zevnit\u0159. J\u00e1 sama u\u017e\u00edv\u00e1m n\u011bkolik vitam\u00ednu, a to hlavn\u011b kolagen a taky vitam\u00edn\u00a0B\u00a0a zinek. A tohle taky\u00a0je\u00a0opravdu velice d\u016fle\u017eit\u00e9 pro to, aby \u010dlov\u011bk byl zdrav\u00fd zevnit\u0159, ale d\u00edky tomu taky bude m\u00edt potom zdrav\u011bj\u0161\u00ed k\u016f\u017ei, vlasy a nehty.J\u00e1 sama na to\u00a0hodn\u011b\u00a0db\u00e1m, abych byla v\u017edycky p\u0159ipraven\u00e1. A v kabelce nos\u00edm v\u017edycky hydrata\u010dn\u00ed kr\u00e9m na ruce, ale taky kr\u00e9m na o\u010di, proto\u017ee m\u011b se velice vysu\u0161uje o\u010dn\u00ed okol\u00ed a v\u016fbec nev\u00edm pro\u010d. A taky chod\u00edm pravideln\u011b ke kosmeti\u010dce a tak\u00e9 ke kade\u0159nici. Ale bohu\u017eel s kade\u0159nic\u00ed m\u00e1m v\u017edycky \u0161patn\u00e9 zku\u0161enosti. Chod\u00edm ke kade\u0159nici sice jenom dvakr\u00e1t ro\u010dn\u011b, ale v\u017edycky jsem z toho velice ne\u0161\u0165astn\u00e1, tak jak\u00e9 kade\u0159nici u\u017e p\u0159est\u00e1v\u00e1m chodit. Vlastn\u011b si vlasy u\u017e barv\u00edm a pe\u010duji o n\u011b doma, proto\u017ee m\u011b v\u017edycky u kade\u0159nice ust\u0159ihne vlasy v\u00edce, ne\u017e jsem cht\u011bla a v\u017edycky mi d\u00e1 tmav\u0161\u00ed barvu blond odst\u00ednu, ne\u017e jsme cht\u011bla. Nev\u00edm, co se\u00a0ve\u00a0\u0161kole na\u00a0kade\u0159nici\u00a0u\u010d\u00ed, ale vad\u00ed mi, \u017ee\u00a0nikdy\u00a0nerespektuj\u00ed to, o co \u017e\u00e1d\u00e1m.\u00a0V\u017edy\u0165\u00a0j\u00e1 plat\u00edm za slu\u017ebu, tak taky chci, aby to tak vypadalo. A vy chod\u00edte ke kade\u0159nici, abyste si\u00a0udr\u017eeli\u00a0svou\u00a0vn\u011bj\u0161\u00ed\u00a0kr\u00e1su?\u00a0Pokud\u00a0ano, jste v\u017edycky\u00a0spokojen\u00ed\u00a0s v\u00fdsledkem u\u00a0kade\u0159nice? Pokud ano, tak v\u00e1m up\u0159\u00edmn\u011b z\u00e1vid\u00edm,\u00a0proto\u017ee\u00a0taky bych cht\u011bla m\u00edt\u00a0p\u011bkn\u00e9\u00a0vlasy a v\u00a0tom\u00a0odst\u00ednu,\u00a0kter\u00fd\u00a0jsem si p\u0159\u00e1la. Tak\u017ee si koup\u00edm za sto pades\u00e1t korun a\u00a0vlasy\u00a0si barv\u00edm u\u017e jen sama doma. A\u00a0v\u00fdsledek?\u00a0V\u017edycky\u00a0jsem\u00a0opravdu\u00a0hodn\u011b\u00a0spokojen\u00e1.                                                                                                                                                                                                                                                                                                                                                                                        3.7\/5 - (8 votes)        "},{"@context":"https:\/\/schema.org\/","@type":"BreadcrumbList","itemListElement":[{"@type":"ListItem","position":1,"name":"O kr\u00e1su db\u00e1m","item":"https:\/\/www.remoex.cz\/o-krasu-dbam\/#breadcrumbitem"}]}]